{"id":19364820,"date":"2023-06-13T07:48:08","date_gmt":"2023-06-13T07:48:08","guid":{"rendered":"https:\/\/www.andyemler.eu\/andy-emler-un-chef-de-bande-toujours-inspirant-dans-la-terrasse\/"},"modified":"2023-06-13T07:48:11","modified_gmt":"2023-06-13T07:48:11","slug":"andy-emler-un-chef-de-bande-toujours-inspirant-dans-la-terrasse","status":"publish","type":"post","link":"https:\/\/www.andyemler.eu\/en\/andy-emler-un-chef-de-bande-toujours-inspirant-dans-la-terrasse\/","title":{"rendered":"Andy Emler, un chef de bande toujours inspirant dans la terrasse"},"content":{"rendered":"<p>[et_pb_section fb_built=&#8221;1&#8243; _builder_version=&#8221;4.16&#8243; global_colors_info=&#8221;{}&#8221;][et_pb_row _builder_version=&#8221;4.16&#8243; background_size=&#8221;initial&#8221; background_position=&#8221;top_left&#8221; background_repeat=&#8221;repeat&#8221; global_colors_info=&#8221;{}&#8221;][et_pb_column type=&#8221;4_4&#8243; _builder_version=&#8221;4.16&#8243; custom_padding=&#8221;|||&#8221; global_colors_info=&#8221;{}&#8221; custom_padding__hover=&#8221;|||&#8221;][et_pb_text _builder_version=&#8221;4.16&#8243; background_size=&#8221;initial&#8221; background_position=&#8221;top_left&#8221; background_repeat=&#8221;repeat&#8221; global_colors_info=&#8221;{}&#8221;]<!-- divi:paragraph --><\/p>\n<p><strong>Le pianiste, arrangeur et chef de bande Andy Emler est \u00e0 l\u2019affiche de deux programmes qui devraient ravir les amateurs du jazz ouvert sur tous les possibles et m\u00eame improbables.<\/strong><\/p>\n<p>&nbsp;<\/p>\n<p><!-- \/divi:paragraph --><!-- divi:paragraph --><\/p>\n<p>On ne cessera de le dire : Andy Emler est l\u2019un des tout meilleurs chercheurs de formules sonores qu\u2019il d\u00e9friche depuis des dizaines d\u2019ann\u00e9es. C\u2019est encore anim\u00e9 de cet objectif qu\u2019il investit Le Triton, le club de l\u2019autre c\u00f4t\u00e9 du p\u00e9riph\u00e9rique, avec un projet taill\u00e9 pour huit clarinettistes de renom et de toutes g\u00e9n\u00e9rations (Catherine Delaunay, Elodie Pasquier, Louis Sclavis, Laurent Dehors\u2026). Pas moins ! Cela promet de s\u00e9rieuses embard\u00e9es d\u2019autant mieux qu\u2019\u00e0 leur c\u00f4t\u00e9, les solistes pourront compter sur l\u2019appui de la paire de compl\u00e9mentaires form\u00e9e par le contrebassiste Claude Tchamitchian et le batteur Eric Echampard. Trois jours plus tard, ces deux fid\u00e8les complices seront cette fois seuls aux c\u00f4t\u00e9s de l\u2019\u00e9rudit pianiste pour un concert du trio si bien-nomm\u00e9 en cette saison festivali\u00e8re : ETE.<\/p>\n<p><!-- \/divi:paragraph --><\/p>\n<p>Jacques Denis<\/p>\n<p><!-- divi:paragraph --><\/p>\n<p>&nbsp;<\/p>\n<p>&nbsp;<\/p>\n<p>&nbsp;<\/p>\n<p><!-- \/divi:paragraph -->[\/et_pb_text][\/et_pb_column][\/et_pb_row][\/et_pb_section]<\/p>\n","protected":false},"excerpt":{"rendered":"<p>Le pianiste, arrangeur et chef de bande Andy Emler est \u00e0 l\u2019affiche de deux programmes qui devraient ravir les amateurs du jazz ouvert sur tous les possibles et m\u00eame improbables.<\/p>\n","protected":false},"author":3,"featured_media":19364793,"comment_status":"closed","ping_status":"closed","sticky":false,"template":"","format":"standard","meta":{"jetpack_post_was_ever_published":false,"_jetpack_newsletter_access":"","_jetpack_dont_email_post_to_subs":false,"_jetpack_newsletter_tier_id":0,"_jetpack_memberships_contains_paywalled_content":false,"_jetpack_memberships_contains_paid_content":false,"footnotes":""},"categories":[159,203,205,160,204,207,206,152],"tags":[],"class_list":["post-19364820","post","type-post","status-publish","format-standard","has-post-thumbnail","hentry","category-latest-news-en","category-news-en","category-press-en","category-presse-en","category-presse-en-2","category-the-useful-report-en","category-trio-ete-en","category-uncategorized"],"yoast_head":"<!-- This site is optimized with the Yoast SEO plugin v27.1.1 - https:\/\/yoast.com\/product\/yoast-seo-wordpress\/ -->\n<title>Andy Emler, un chef de bande toujours inspirant dans la terrasse - Andy Emler<\/title>\n<meta name=\"robots\" content=\"noindex, follow\" \/>\n<meta property=\"og:locale\" content=\"en_US\" \/>\n<meta property=\"og:type\" content=\"article\" \/>\n<meta property=\"og:title\" content=\"Andy Emler, un chef de bande toujours inspirant dans la terrasse - Andy Emler\" \/>\n<meta property=\"og:description\" content=\"Le pianiste, arrangeur et chef de bande Andy Emler est \u00e0 l\u2019affiche de deux programmes qui devraient ravir les amateurs du jazz ouvert sur tous les possibles et m\u00eame improbables.\" \/>\n<meta property=\"og:url\" content=\"https:\/\/www.andyemler.eu\/en\/andy-emler-un-chef-de-bande-toujours-inspirant-dans-la-terrasse\/\" \/>\n<meta property=\"og:site_name\" content=\"Andy Emler\" \/>\n<meta property=\"article:publisher\" content=\"https:\/\/www.facebook.com\/andyemlerofficiel\" \/>\n<meta property=\"article:published_time\" content=\"2023-06-13T07:48:08+00:00\" \/>\n<meta property=\"article:modified_time\" content=\"2023-06-13T07:48:11+00:00\" \/>\n<meta property=\"og:image\" content=\"https:\/\/i0.wp.com\/www.andyemler.eu\/wp-content\/uploads\/2023\/05\/laterrasse_21mai2023_tritonsunsetsunsidetrioete.jpg?fit=1920%2C1005&ssl=1\" \/>\n\t<meta property=\"og:image:width\" content=\"1920\" \/>\n\t<meta property=\"og:image:height\" content=\"1005\" \/>\n\t<meta property=\"og:image:type\" content=\"image\/jpeg\" \/>\n<meta name=\"author\" content=\"Monart Agency\" \/>\n<meta name=\"twitter:card\" content=\"summary_large_image\" \/>\n<meta name=\"twitter:label1\" content=\"Written by\" \/>\n\t<meta name=\"twitter:data1\" content=\"Monart Agency\" \/>\n\t<meta name=\"twitter:label2\" content=\"Est. reading time\" \/>\n\t<meta name=\"twitter:data2\" content=\"1 minute\" \/>\n<script type=\"application\/ld+json\" class=\"yoast-schema-graph\">{\"@context\":\"https:\/\/schema.org\",\"@graph\":[{\"@type\":\"Article\",\"@id\":\"https:\/\/www.andyemler.eu\/en\/andy-emler-un-chef-de-bande-toujours-inspirant-dans-la-terrasse\/#article\",\"isPartOf\":{\"@id\":\"https:\/\/www.andyemler.eu\/en\/andy-emler-un-chef-de-bande-toujours-inspirant-dans-la-terrasse\/\"},\"author\":{\"name\":\"Monart Agency\",\"@id\":\"https:\/\/www.andyemler.eu\/#\/schema\/person\/b1fcb0def48cf8729296a5a3a4c4c209\"},\"headline\":\"Andy Emler, un chef de bande toujours inspirant dans la terrasse\",\"datePublished\":\"2023-06-13T07:48:08+00:00\",\"dateModified\":\"2023-06-13T07:48:11+00:00\",\"mainEntityOfPage\":{\"@id\":\"https:\/\/www.andyemler.eu\/en\/andy-emler-un-chef-de-bande-toujours-inspirant-dans-la-terrasse\/\"},\"wordCount\":269,\"publisher\":{\"@id\":\"https:\/\/www.andyemler.eu\/#organization\"},\"image\":{\"@id\":\"https:\/\/www.andyemler.eu\/en\/andy-emler-un-chef-de-bande-toujours-inspirant-dans-la-terrasse\/#primaryimage\"},\"thumbnailUrl\":\"https:\/\/i0.wp.com\/www.andyemler.eu\/wp-content\/uploads\/2023\/05\/laterrasse_21mai2023_tritonsunsetsunsidetrioete.jpg?fit=1920%2C1005&ssl=1\",\"articleSection\":[\"Latest News\",\"news\",\"press\",\"Presse\",\"presse\",\"The Useful Report\",\"Trio ETE\"],\"inLanguage\":\"en-US\"},{\"@type\":\"WebPage\",\"@id\":\"https:\/\/www.andyemler.eu\/en\/andy-emler-un-chef-de-bande-toujours-inspirant-dans-la-terrasse\/\",\"url\":\"https:\/\/www.andyemler.eu\/en\/andy-emler-un-chef-de-bande-toujours-inspirant-dans-la-terrasse\/\",\"name\":\"Andy Emler, un chef de bande toujours inspirant dans la terrasse - Andy Emler\",\"isPartOf\":{\"@id\":\"https:\/\/www.andyemler.eu\/#website\"},\"primaryImageOfPage\":{\"@id\":\"https:\/\/www.andyemler.eu\/en\/andy-emler-un-chef-de-bande-toujours-inspirant-dans-la-terrasse\/#primaryimage\"},\"image\":{\"@id\":\"https:\/\/www.andyemler.eu\/en\/andy-emler-un-chef-de-bande-toujours-inspirant-dans-la-terrasse\/#primaryimage\"},\"thumbnailUrl\":\"https:\/\/i0.wp.com\/www.andyemler.eu\/wp-content\/uploads\/2023\/05\/laterrasse_21mai2023_tritonsunsetsunsidetrioete.jpg?fit=1920%2C1005&ssl=1\",\"datePublished\":\"2023-06-13T07:48:08+00:00\",\"dateModified\":\"2023-06-13T07:48:11+00:00\",\"breadcrumb\":{\"@id\":\"https:\/\/www.andyemler.eu\/en\/andy-emler-un-chef-de-bande-toujours-inspirant-dans-la-terrasse\/#breadcrumb\"},\"inLanguage\":\"en-US\",\"potentialAction\":[{\"@type\":\"ReadAction\",\"target\":[\"https:\/\/www.andyemler.eu\/en\/andy-emler-un-chef-de-bande-toujours-inspirant-dans-la-terrasse\/\"]}]},{\"@type\":\"ImageObject\",\"inLanguage\":\"en-US\",\"@id\":\"https:\/\/www.andyemler.eu\/en\/andy-emler-un-chef-de-bande-toujours-inspirant-dans-la-terrasse\/#primaryimage\",\"url\":\"https:\/\/i0.wp.com\/www.andyemler.eu\/wp-content\/uploads\/2023\/05\/laterrasse_21mai2023_tritonsunsetsunsidetrioete.jpg?fit=1920%2C1005&ssl=1\",\"contentUrl\":\"https:\/\/i0.wp.com\/www.andyemler.eu\/wp-content\/uploads\/2023\/05\/laterrasse_21mai2023_tritonsunsetsunsidetrioete.jpg?fit=1920%2C1005&ssl=1\",\"width\":1920,\"height\":1005},{\"@type\":\"BreadcrumbList\",\"@id\":\"https:\/\/www.andyemler.eu\/en\/andy-emler-un-chef-de-bande-toujours-inspirant-dans-la-terrasse\/#breadcrumb\",\"itemListElement\":[{\"@type\":\"ListItem\",\"position\":1,\"name\":\"Accueil\",\"item\":\"https:\/\/www.andyemler.eu\/\"},{\"@type\":\"ListItem\",\"position\":2,\"name\":\"Andy Emler, un chef de bande toujours inspirant dans la terrasse\"}]},{\"@type\":\"WebSite\",\"@id\":\"https:\/\/www.andyemler.eu\/#website\",\"url\":\"https:\/\/www.andyemler.eu\/\",\"name\":\"Andy Emler\",\"description\":\"Official Website\",\"publisher\":{\"@id\":\"https:\/\/www.andyemler.eu\/#organization\"},\"potentialAction\":[{\"@type\":\"SearchAction\",\"target\":{\"@type\":\"EntryPoint\",\"urlTemplate\":\"https:\/\/www.andyemler.eu\/?s={search_term_string}\"},\"query-input\":{\"@type\":\"PropertyValueSpecification\",\"valueRequired\":true,\"valueName\":\"search_term_string\"}}],\"inLanguage\":\"en-US\"},{\"@type\":\"Organization\",\"@id\":\"https:\/\/www.andyemler.eu\/#organization\",\"name\":\"Andy Emler\",\"url\":\"https:\/\/www.andyemler.eu\/\",\"logo\":{\"@type\":\"ImageObject\",\"inLanguage\":\"en-US\",\"@id\":\"https:\/\/www.andyemler.eu\/#\/schema\/logo\/image\/\",\"url\":\"https:\/\/i0.wp.com\/www.andyemler.eu\/wp-content\/uploads\/2024\/01\/LOGO-BLANC.png?fit=3339%2C1721&ssl=1\",\"contentUrl\":\"https:\/\/i0.wp.com\/www.andyemler.eu\/wp-content\/uploads\/2024\/01\/LOGO-BLANC.png?fit=3339%2C1721&ssl=1\",\"width\":3339,\"height\":1721,\"caption\":\"Andy Emler\"},\"image\":{\"@id\":\"https:\/\/www.andyemler.eu\/#\/schema\/logo\/image\/\"},\"sameAs\":[\"https:\/\/www.facebook.com\/andyemlerofficiel\"]},{\"@type\":\"Person\",\"@id\":\"https:\/\/www.andyemler.eu\/#\/schema\/person\/b1fcb0def48cf8729296a5a3a4c4c209\",\"name\":\"Monart Agency\",\"image\":{\"@type\":\"ImageObject\",\"inLanguage\":\"en-US\",\"@id\":\"https:\/\/www.andyemler.eu\/#\/schema\/person\/image\/\",\"url\":\"https:\/\/secure.gravatar.com\/avatar\/0c29e2729786975f8f341a4119f7d02633930d7381fd379674b52e3b56d6aff8?s=96&d=blank&r=x\",\"contentUrl\":\"https:\/\/secure.gravatar.com\/avatar\/0c29e2729786975f8f341a4119f7d02633930d7381fd379674b52e3b56d6aff8?s=96&d=blank&r=x\",\"caption\":\"Monart Agency\"},\"sameAs\":[\"https:\/\/www.monartagency.com\"],\"url\":\"https:\/\/www.andyemler.eu\/en\/author\/maketing-123\/\"}]}<\/script>\n<!-- \/ Yoast SEO plugin. -->","yoast_head_json":{"title":"Andy Emler, un chef de bande toujours inspirant dans la terrasse - Andy Emler","robots":{"index":"noindex","follow":"follow"},"og_locale":"en_US","og_type":"article","og_title":"Andy Emler, un chef de bande toujours inspirant dans la terrasse - Andy Emler","og_description":"Le pianiste, arrangeur et chef de bande Andy Emler est \u00e0 l\u2019affiche de deux programmes qui devraient ravir les amateurs du jazz ouvert sur tous les possibles et m\u00eame improbables.","og_url":"https:\/\/www.andyemler.eu\/en\/andy-emler-un-chef-de-bande-toujours-inspirant-dans-la-terrasse\/","og_site_name":"Andy Emler","article_publisher":"https:\/\/www.facebook.com\/andyemlerofficiel","article_published_time":"2023-06-13T07:48:08+00:00","article_modified_time":"2023-06-13T07:48:11+00:00","og_image":[{"width":1920,"height":1005,"url":"https:\/\/i0.wp.com\/www.andyemler.eu\/wp-content\/uploads\/2023\/05\/laterrasse_21mai2023_tritonsunsetsunsidetrioete.jpg?fit=1920%2C1005&ssl=1","type":"image\/jpeg"}],"author":"Monart Agency","twitter_card":"summary_large_image","twitter_misc":{"Written by":"Monart Agency","Est. reading time":"1 minute"},"schema":{"@context":"https:\/\/schema.org","@graph":[{"@type":"Article","@id":"https:\/\/www.andyemler.eu\/en\/andy-emler-un-chef-de-bande-toujours-inspirant-dans-la-terrasse\/#article","isPartOf":{"@id":"https:\/\/www.andyemler.eu\/en\/andy-emler-un-chef-de-bande-toujours-inspirant-dans-la-terrasse\/"},"author":{"name":"Monart Agency","@id":"https:\/\/www.andyemler.eu\/#\/schema\/person\/b1fcb0def48cf8729296a5a3a4c4c209"},"headline":"Andy Emler, un chef de bande toujours inspirant dans la terrasse","datePublished":"2023-06-13T07:48:08+00:00","dateModified":"2023-06-13T07:48:11+00:00","mainEntityOfPage":{"@id":"https:\/\/www.andyemler.eu\/en\/andy-emler-un-chef-de-bande-toujours-inspirant-dans-la-terrasse\/"},"wordCount":269,"publisher":{"@id":"https:\/\/www.andyemler.eu\/#organization"},"image":{"@id":"https:\/\/www.andyemler.eu\/en\/andy-emler-un-chef-de-bande-toujours-inspirant-dans-la-terrasse\/#primaryimage"},"thumbnailUrl":"https:\/\/i0.wp.com\/www.andyemler.eu\/wp-content\/uploads\/2023\/05\/laterrasse_21mai2023_tritonsunsetsunsidetrioete.jpg?fit=1920%2C1005&ssl=1","articleSection":["Latest News","news","press","Presse","presse","The Useful Report","Trio ETE"],"inLanguage":"en-US"},{"@type":"WebPage","@id":"https:\/\/www.andyemler.eu\/en\/andy-emler-un-chef-de-bande-toujours-inspirant-dans-la-terrasse\/","url":"https:\/\/www.andyemler.eu\/en\/andy-emler-un-chef-de-bande-toujours-inspirant-dans-la-terrasse\/","name":"Andy Emler, un chef de bande toujours inspirant dans la terrasse - Andy Emler","isPartOf":{"@id":"https:\/\/www.andyemler.eu\/#website"},"primaryImageOfPage":{"@id":"https:\/\/www.andyemler.eu\/en\/andy-emler-un-chef-de-bande-toujours-inspirant-dans-la-terrasse\/#primaryimage"},"image":{"@id":"https:\/\/www.andyemler.eu\/en\/andy-emler-un-chef-de-bande-toujours-inspirant-dans-la-terrasse\/#primaryimage"},"thumbnailUrl":"https:\/\/i0.wp.com\/www.andyemler.eu\/wp-content\/uploads\/2023\/05\/laterrasse_21mai2023_tritonsunsetsunsidetrioete.jpg?fit=1920%2C1005&ssl=1","datePublished":"2023-06-13T07:48:08+00:00","dateModified":"2023-06-13T07:48:11+00:00","breadcrumb":{"@id":"https:\/\/www.andyemler.eu\/en\/andy-emler-un-chef-de-bande-toujours-inspirant-dans-la-terrasse\/#breadcrumb"},"inLanguage":"en-US","potentialAction":[{"@type":"ReadAction","target":["https:\/\/www.andyemler.eu\/en\/andy-emler-un-chef-de-bande-toujours-inspirant-dans-la-terrasse\/"]}]},{"@type":"ImageObject","inLanguage":"en-US","@id":"https:\/\/www.andyemler.eu\/en\/andy-emler-un-chef-de-bande-toujours-inspirant-dans-la-terrasse\/#primaryimage","url":"https:\/\/i0.wp.com\/www.andyemler.eu\/wp-content\/uploads\/2023\/05\/laterrasse_21mai2023_tritonsunsetsunsidetrioete.jpg?fit=1920%2C1005&ssl=1","contentUrl":"https:\/\/i0.wp.com\/www.andyemler.eu\/wp-content\/uploads\/2023\/05\/laterrasse_21mai2023_tritonsunsetsunsidetrioete.jpg?fit=1920%2C1005&ssl=1","width":1920,"height":1005},{"@type":"BreadcrumbList","@id":"https:\/\/www.andyemler.eu\/en\/andy-emler-un-chef-de-bande-toujours-inspirant-dans-la-terrasse\/#breadcrumb","itemListElement":[{"@type":"ListItem","position":1,"name":"Accueil","item":"https:\/\/www.andyemler.eu\/"},{"@type":"ListItem","position":2,"name":"Andy Emler, un chef de bande toujours inspirant dans la terrasse"}]},{"@type":"WebSite","@id":"https:\/\/www.andyemler.eu\/#website","url":"https:\/\/www.andyemler.eu\/","name":"Andy Emler","description":"Official Website","publisher":{"@id":"https:\/\/www.andyemler.eu\/#organization"},"potentialAction":[{"@type":"SearchAction","target":{"@type":"EntryPoint","urlTemplate":"https:\/\/www.andyemler.eu\/?s={search_term_string}"},"query-input":{"@type":"PropertyValueSpecification","valueRequired":true,"valueName":"search_term_string"}}],"inLanguage":"en-US"},{"@type":"Organization","@id":"https:\/\/www.andyemler.eu\/#organization","name":"Andy Emler","url":"https:\/\/www.andyemler.eu\/","logo":{"@type":"ImageObject","inLanguage":"en-US","@id":"https:\/\/www.andyemler.eu\/#\/schema\/logo\/image\/","url":"https:\/\/i0.wp.com\/www.andyemler.eu\/wp-content\/uploads\/2024\/01\/LOGO-BLANC.png?fit=3339%2C1721&ssl=1","contentUrl":"https:\/\/i0.wp.com\/www.andyemler.eu\/wp-content\/uploads\/2024\/01\/LOGO-BLANC.png?fit=3339%2C1721&ssl=1","width":3339,"height":1721,"caption":"Andy Emler"},"image":{"@id":"https:\/\/www.andyemler.eu\/#\/schema\/logo\/image\/"},"sameAs":["https:\/\/www.facebook.com\/andyemlerofficiel"]},{"@type":"Person","@id":"https:\/\/www.andyemler.eu\/#\/schema\/person\/b1fcb0def48cf8729296a5a3a4c4c209","name":"Monart Agency","image":{"@type":"ImageObject","inLanguage":"en-US","@id":"https:\/\/www.andyemler.eu\/#\/schema\/person\/image\/","url":"https:\/\/secure.gravatar.com\/avatar\/0c29e2729786975f8f341a4119f7d02633930d7381fd379674b52e3b56d6aff8?s=96&d=blank&r=x","contentUrl":"https:\/\/secure.gravatar.com\/avatar\/0c29e2729786975f8f341a4119f7d02633930d7381fd379674b52e3b56d6aff8?s=96&d=blank&r=x","caption":"Monart Agency"},"sameAs":["https:\/\/www.monartagency.com"],"url":"https:\/\/www.andyemler.eu\/en\/author\/maketing-123\/"}]}},"jetpack_featured_media_url":"https:\/\/i0.wp.com\/www.andyemler.eu\/wp-content\/uploads\/2023\/05\/laterrasse_21mai2023_tritonsunsetsunsidetrioete.jpg?fit=1920%2C1005&ssl=1","jetpack_sharing_enabled":true,"_links":{"self":[{"href":"https:\/\/www.andyemler.eu\/en\/wp-json\/wp\/v2\/posts\/19364820","targetHints":{"allow":["GET"]}}],"collection":[{"href":"https:\/\/www.andyemler.eu\/en\/wp-json\/wp\/v2\/posts"}],"about":[{"href":"https:\/\/www.andyemler.eu\/en\/wp-json\/wp\/v2\/types\/post"}],"author":[{"embeddable":true,"href":"https:\/\/www.andyemler.eu\/en\/wp-json\/wp\/v2\/users\/3"}],"replies":[{"embeddable":true,"href":"https:\/\/www.andyemler.eu\/en\/wp-json\/wp\/v2\/comments?post=19364820"}],"version-history":[{"count":0,"href":"https:\/\/www.andyemler.eu\/en\/wp-json\/wp\/v2\/posts\/19364820\/revisions"}],"wp:featuredmedia":[{"embeddable":true,"href":"https:\/\/www.andyemler.eu\/en\/wp-json\/wp\/v2\/media\/19364793"}],"wp:attachment":[{"href":"https:\/\/www.andyemler.eu\/en\/wp-json\/wp\/v2\/media?parent=19364820"}],"wp:term":[{"taxonomy":"category","embeddable":true,"href":"https:\/\/www.andyemler.eu\/en\/wp-json\/wp\/v2\/categories?post=19364820"},{"taxonomy":"post_tag","embeddable":true,"href":"https:\/\/www.andyemler.eu\/en\/wp-json\/wp\/v2\/tags?post=19364820"}],"curies":[{"name":"wp","href":"https:\/\/api.w.org\/{rel}","templated":true}]}}