{"id":19364808,"date":"2023-06-12T00:48:50","date_gmt":"2023-06-12T00:48:50","guid":{"rendered":"https:\/\/www.andyemler.eu\/concert-de-sortie-de-lalbum-no-rush-dans-jazz-magazine\/"},"modified":"2023-06-12T00:48:52","modified_gmt":"2023-06-12T00:48:52","slug":"concert-de-sortie-de-lalbum-no-rush-dans-jazz-magazine","status":"publish","type":"post","link":"https:\/\/www.andyemler.eu\/en\/concert-de-sortie-de-lalbum-no-rush-dans-jazz-magazine\/","title":{"rendered":"Concert de sortie de l&#8217;album No Rush dans Jazz Magazine"},"content":{"rendered":"\n<p><strong>Hier 12 mai, au Pan Piper, le MegaOctet d\u2019Andy Emler \u00e9tait l\u2019invit\u00e9 de l\u2019ensemble Ghost Rhythms. Retrouvaille et d\u00e9couverte.<\/strong><\/p>\n\n<p><em>\u00ab H\u00e9 ! Tu te souviens ? \u00bb<\/em> C\u2019est Guillaume Orti qui interpelle. <em>\u00ab La derni\u00e8re fois que nous nous sommes vus, c\u2019\u00e9tait ici au Pan Piper, exactement \u00e0 cet endroit devant le bar \u00bb<\/em> Et comment ! Je m\u2019en souviens. Ce 14 mars 2020, l\u2019Andy Emler MegaOctet pr\u00e9sentait son programme <em>Just a Beginning<\/em> devant une jauge r\u00e9duite pour cause de Covid. Dans un bar, avant le concert, j\u2019avais vu au petit \u00e9cran \u00c9douard Philippe annoncer le confinement le plus strict \u00e0 partir de minuit. Et le concert s\u2019\u00e9tait termin\u00e9 au bar dont j\u2019avais contribu\u00e9 \u00e0 vider le f\u00fbt \u00e0 bi\u00e8re avec les musiciens entre tristesse, inqui\u00e9tude, col\u00e8re, une certaine excitation ou une philosophie certaine : quoiqu\u2019il en co\u00fbte, certains entrevoyaient d\u00e9j\u00e0 de quelle fa\u00e7on mettre \u00e0 profit cette pause forc\u00e9e. Pour Andy : <em>\u00ab <\/em> <em>prendre son temps, \u00e9couter, composer. Ce moment d\u2019intense solitude que fut le confinement a \u00e9t\u00e9 l\u2019occasion d\u2019une r\u00e9\u00e9coute des musiques du XX\u00e8me si\u00e8cle (Arnold Sch\u00f6nberg, Witold Lutoslawsky, Gy\u00f6rgy Ligeti, Maurice Ohana, Philippe Manoury, Tristan Murail, Bernard Cavanna\u2026), puis d\u2019une intense phase d\u2019\u00e9criture. \u00bb <\/em>Il en r\u00e9sulta \u201cNo Rush\u201d, l\u2019album enregistr\u00e9 en ao\u00fbt 2021 et dont le programme fut cr\u00e9\u00e9 sur sc\u00e8ne au Triton le 17 d\u00e9cembre 2020.<\/p>\n\n<p>Retour donc du MegaOctet au Pan Piper, mais cette fois-ci en invit\u00e9 d\u2019un autre groupe : Ghost Rhythms, dont la bande d\u2019Andy Emler assure la premi\u00e8re partie. Commen\u00e7ons par les nouveaux venus, selon l\u2019ordre dans lequel nous aurions d\u2019ailleurs pr\u00e9f\u00e9r\u00e9 les d\u00e9couvrir, car s\u2019ils reconnaissent leur dette au MegaOctet qui les a inspir\u00e9s sur les chemins de l\u2019originalit\u00e9 et de la maturit\u00e9, il y va de l\u2019\u00e9coute musicale comme de l\u2019appr\u00e9ciation des grands vins. On d\u00e9guste les vieux mill\u00e9simes apr\u00e8s les derni\u00e8res r\u00e9coltes aussi bonnes soient-elles.<\/p>\n\n<p><strong>Julien Bigorgne (flute), Maxime Thi\u00e9baut (sax t\u00e9nor), Nadia Mejri-Chapelle (violoncelle), Guillaume Aventurin (guitares), Alexis Collin (accord\u00e9on), Camille Petit (piano, composition), Gregory Kosovski (basse \u00e9lectrique), Xavier G\u00e9lard (batterie, composition), Morgan Lowenstein (percussions).<\/strong><\/p>\n\n<p>Certes, l\u2019observateur de la sc\u00e8ne fran\u00e7aise ne devrait pas se vanter de les entendre pour la premi\u00e8re fois, car ces Ghost Rhythms ne sont pas n\u00e9s de la derni\u00e8re pluie. Leurs deux co-leaders, le batteur Xavier G\u00e9lard et le pianiste Camille Petit, se sont connus au lyc\u00e9e et leurs aventures communes ont d\u00e9but\u00e9 dans le cadre d\u2019un amateurisme toujours plus \u00e9clair\u00e9 \u00e0 l\u2019\u00e9coute du progressive rock et des compositeurs de musique de film, puis de cette nouvelle pens\u00e9e rythmique \u201cfin de si\u00e8cle\u201d (et d\u00e9but d\u2019un autre) qui s\u2019est affranchie de l\u2019homoth\u00e9tie m\u00e9trique du swing \u00e0 l\u2019ancienne. Apr\u00e8s Chamane dissout en 2005, ils forment Ghost Rhythms, en r\u00e9f\u00e9rence \u00e0 ces rythmes fant\u00f4mes qui habitent la nouvelle pens\u00e9e polyphonique-polym\u00e9trique. D\u2019ann\u00e9e en ann\u00e9e, le groupe a muri jusqu\u2019\u00e0 convaincre le fameux label ind\u00e9pendant am\u00e9ricain Cuneiform de rejoindre son catalogue pour leur quatri\u00e8me album \u201cLive at Yoshiwara\u201d (2019). Ils en sont aujourd\u2019hui \u00e0 leur sixi\u00e8me avec \u201cSpectral Music\u201d.<\/p>\n\n<p>Si l\u2019on est loin des exp\u00e9riences spectrales tent\u00e9es par Fr\u00e9d\u00e9ric Maurin avec sa Ping Machine, la marque du progressive rock et du minimalisme se m\u00eale \u00e0 des r\u00e9miniscences de musiques afro-latines, balkaniques ou orientales, au gr\u00e9 de grooves, couleurs harmoniques et timbrales rondement agenc\u00e9s, la fra\u00eecheur des id\u00e9es se combinant \u00e0 la tenue des interventions improvis\u00e9es de Guillaume Aventurin, Alexis Collin et Julien Bigorgne, chacun \u2013 en front line et rythmique \u2013 contribuant \u00e0 une authentique et tr\u00e8s coh\u00e9rente identit\u00e9 collective.<\/p>\n\n<p>Quant au MegaOctet dont on comprend qu\u2019il ait pu leur servir d\u2019exemple en termes de d\u00e9veloppement musical et de complicit\u00e9 collective autour d\u2019une \u00e9criture, il a souvent \u00e9t\u00e9 comment\u00e9 dans ces pages mais nous a une nouvelle fois frapp\u00e9 par tant d\u2019\u00e9nergie dans la coh\u00e9sion servie pourtant par des personnalit\u00e9s totalement contrast\u00e9es :<\/p>\n\n<p><strong>Laurent Blondiau (trompette), Philippe Sellam, Guillaume Orti (sax alto), Laurent Dehors (sax t\u00e9nor, cornemuse), Fran\u00e7ois Thuillier (tuba), Andy Emler (piano, compostion), Claude Tchamitchian (contrebasse), Christophe Lavergne (batterie), Fran\u00e7ois Verly (percussions) + Nguy\u00ean L\u00ea (guitare \u00e9lectrique).<\/strong><\/p>\n\n<p>C\u2019est Laurent Dehors qui ouvre le concert. Mais quel est donc cet air que je connais par c\u0153ur ? Il me faudra poser la question tellement le d\u00e9cadrage de cette interpr\u00e9tation \u00e0 la cornemuse m\u2019aura d\u00e9rout\u00e9 : <em>La Lettre \u00e0 \u00c9lise <\/em>! Apr\u00e8s l\u2019humour, l\u2019humeur ! La bonne humeur de ces grooves telluriques qui d\u00e9boulent soudain, que la puissante sonorisation \u2013 a\u00efe, j\u2019ai oubli\u00e9 mes protections, les tympans vont encore me tinter \u2013 fait s\u2019\u00e9bouler sur nous, tandis que, sur la premi\u00e8re ligne des vents, on se regarde, on se surveille, pour lancer les lignes th\u00e9matiques longues ou riff\u00e9es, ludiques ou d\u00e9clamatoires, la ligne de partage entre rythmique et <em>front line <\/em>\u00e9tant d\u2019ailleurs constamment transgress\u00e9e.<\/p>\n\n<p>On conna\u00eet d\u00e9j\u00e0 l\u2019\u00e9tourdissement d\u2019<em>E Total <\/em>tout comme l\u2019irr\u00e9sistible mont\u00e9e au but de <em>Touch, Crouch, Engage <\/em>nous est famili\u00e8re ; on sait ce dont sont capables Laurent Blondiau, Philippe Sellam et Fran\u00e7ois Thuillier, les trois solistes privil\u00e9gi\u00e9s du concert, mais il y a quelque chose de tr\u00e8s particulier ce soir : c\u2019est le remplacement d\u2019\u00c9ric \u00c9champard par Christophe Lavergne. L\u2019\u00e9l\u00e9gance arithm\u00e9tique qui \u00e9pouse habituellement \u00e0 la perfection les dentures de l\u2019engrenage Emler-Tchamitchian c\u00e8de soudain la place, sous les baguettes de Lavergne, \u00e0 quelque orage quantique inqualifiable mais o\u00f9 Fran\u00e7ois Verly engouffre sa horde de percussions frapp\u00e9es d\u2019une jubilation nouvelle. Est invit\u00e9 alors, pour calmer le jeu, Nguy\u00ean L\u00ea l\u2019historique, le grand ancien, membre du premier MegaOctet (avec Verly et Sellam d\u2019ailleurs). De sa guitare soumise \u00e0 mille effets, il fait monter des brumes \u00e9tranges qu\u2019il multiplie en courants contraires (\u201cjust as beginning\u201d pour paraphraser le titre du morceau), alors qu\u2019un groove de tuba, d\u2019abord imperceptible (ou \u201cimpercept\u00e9\u201d), s\u2019impose progressivement jusqu\u2019\u00e0 entrainer la guitare dans un grandiose maelstrom hendrixien qui nous hantera longtemps apr\u00e8s que l\u2019on ait quitt\u00e9 le Pan Piper et son quartier, vers des banlieues lointaines. Franck Bergerot<\/p>\n\n<p>PS : On retrouvera Andy Emler et le MegaOctet dans son nouveau projet \u201cMak\u2019em Move\u201d avec la compagnie de danse Lady Rocks, le 16 mai au Perreux-sur-Marne (Centre des Bords de Marne) ; avec le trio ETE (Tchamtichian \/ \u00c9champard) le 20 juin \u00e0 Paris (Sunside) ; avec le m\u00eame trio plus un octuor de clarinettes le 17 juin aux Lilas (Le Triton) ; il s\u00e9journera enfin deux jours en juin \u00e0 Lurs, ce village de Haute-Provence dont Giono avait fait sa Gr\u00e8ce imaginaire (l\u2019Osons Jazz Club), le 24 avec le trio ETE et le 25 en solo dans son programme \u201cMy Own Ravel\u201d.<\/p>\n\n<p>Read the article <\/p>\n","protected":false},"excerpt":{"rendered":"<p>Hier 12 mai, au Pan Piper, le MegaOctet d\u2019Andy Emler \u00e9tait l\u2019invit\u00e9 de l\u2019ensemble Ghost Rhythms. Retrouvaille et d\u00e9couverte. \u00ab H\u00e9 ! Tu te souviens ? \u00bb C\u2019est Guillaume Orti [&hellip;]<\/p>\n","protected":false},"author":3,"featured_media":19364814,"comment_status":"closed","ping_status":"closed","sticky":false,"template":"","format":"standard","meta":{"jetpack_post_was_ever_published":false,"_jetpack_newsletter_access":"","_jetpack_dont_email_post_to_subs":false,"_jetpack_newsletter_tier_id":0,"_jetpack_memberships_contains_paywalled_content":false,"_jetpack_memberships_contains_paid_content":false,"footnotes":""},"categories":[161,159,199,203,198,205,160,204],"tags":[],"class_list":["post-19364808","post","type-post","status-publish","format-standard","has-post-thumbnail","hentry","category-andy-emler-megaoctet-en","category-latest-news-en","category-megaoctet-en","category-news-en","category-no-rush-en","category-press-en","category-presse-en","category-presse-en-2"],"yoast_head":"<!-- This site is optimized with the Yoast SEO plugin v27.1.1 - https:\/\/yoast.com\/product\/yoast-seo-wordpress\/ -->\n<title>Concert de sortie de l&#039;album No Rush dans Jazz Magazine - Andy Emler<\/title>\n<meta name=\"robots\" content=\"noindex, follow\" \/>\n<meta property=\"og:locale\" content=\"en_US\" \/>\n<meta property=\"og:type\" content=\"article\" \/>\n<meta property=\"og:title\" content=\"Concert de sortie de l&#039;album No Rush dans Jazz Magazine - Andy Emler\" \/>\n<meta property=\"og:description\" content=\"Hier 12 mai, au Pan Piper, le MegaOctet d\u2019Andy Emler \u00e9tait l\u2019invit\u00e9 de l\u2019ensemble Ghost Rhythms. Retrouvaille et d\u00e9couverte. \u00ab H\u00e9 ! Tu te souviens ? \u00bb C\u2019est Guillaume Orti [&hellip;]\" \/>\n<meta property=\"og:url\" content=\"https:\/\/www.andyemler.eu\/en\/concert-de-sortie-de-lalbum-no-rush-dans-jazz-magazine\/\" \/>\n<meta property=\"og:site_name\" content=\"Andy Emler\" \/>\n<meta property=\"article:publisher\" content=\"https:\/\/www.facebook.com\/andyemlerofficiel\" \/>\n<meta property=\"article:published_time\" content=\"2023-06-12T00:48:50+00:00\" \/>\n<meta property=\"article:modified_time\" content=\"2023-06-12T00:48:52+00:00\" \/>\n<meta name=\"author\" content=\"Monart Agency\" \/>\n<meta name=\"twitter:card\" content=\"summary_large_image\" \/>\n<meta name=\"twitter:label1\" content=\"Written by\" \/>\n\t<meta name=\"twitter:data1\" content=\"Monart Agency\" \/>\n\t<meta name=\"twitter:label2\" content=\"Est. reading time\" \/>\n\t<meta name=\"twitter:data2\" content=\"6 minutes\" \/>\n<script type=\"application\/ld+json\" class=\"yoast-schema-graph\">{\"@context\":\"https:\/\/schema.org\",\"@graph\":[{\"@type\":\"Article\",\"@id\":\"https:\/\/www.andyemler.eu\/en\/concert-de-sortie-de-lalbum-no-rush-dans-jazz-magazine\/#article\",\"isPartOf\":{\"@id\":\"https:\/\/www.andyemler.eu\/en\/concert-de-sortie-de-lalbum-no-rush-dans-jazz-magazine\/\"},\"author\":{\"name\":\"Monart Agency\",\"@id\":\"https:\/\/www.andyemler.eu\/#\/schema\/person\/b1fcb0def48cf8729296a5a3a4c4c209\"},\"headline\":\"Concert de sortie de l&#8217;album No Rush dans Jazz Magazine\",\"datePublished\":\"2023-06-12T00:48:50+00:00\",\"dateModified\":\"2023-06-12T00:48:52+00:00\",\"mainEntityOfPage\":{\"@id\":\"https:\/\/www.andyemler.eu\/en\/concert-de-sortie-de-lalbum-no-rush-dans-jazz-magazine\/\"},\"wordCount\":1197,\"publisher\":{\"@id\":\"https:\/\/www.andyemler.eu\/#organization\"},\"image\":{\"@id\":\"https:\/\/www.andyemler.eu\/en\/concert-de-sortie-de-lalbum-no-rush-dans-jazz-magazine\/#primaryimage\"},\"thumbnailUrl\":\"https:\/\/i0.wp.com\/www.andyemler.eu\/wp-content\/uploads\/2023\/06\/jazzmagazinenorushconcert.jpg?fit=2560%2C1440&ssl=1\",\"articleSection\":[\"Andy Emler MegaOctet\",\"Latest News\",\"MegaOctet\",\"news\",\"No Rush\",\"press\",\"Presse\",\"presse\"],\"inLanguage\":\"en-US\"},{\"@type\":\"WebPage\",\"@id\":\"https:\/\/www.andyemler.eu\/en\/concert-de-sortie-de-lalbum-no-rush-dans-jazz-magazine\/\",\"url\":\"https:\/\/www.andyemler.eu\/en\/concert-de-sortie-de-lalbum-no-rush-dans-jazz-magazine\/\",\"name\":\"Concert de sortie de l'album No Rush dans Jazz Magazine - Andy Emler\",\"isPartOf\":{\"@id\":\"https:\/\/www.andyemler.eu\/#website\"},\"primaryImageOfPage\":{\"@id\":\"https:\/\/www.andyemler.eu\/en\/concert-de-sortie-de-lalbum-no-rush-dans-jazz-magazine\/#primaryimage\"},\"image\":{\"@id\":\"https:\/\/www.andyemler.eu\/en\/concert-de-sortie-de-lalbum-no-rush-dans-jazz-magazine\/#primaryimage\"},\"thumbnailUrl\":\"https:\/\/i0.wp.com\/www.andyemler.eu\/wp-content\/uploads\/2023\/06\/jazzmagazinenorushconcert.jpg?fit=2560%2C1440&ssl=1\",\"datePublished\":\"2023-06-12T00:48:50+00:00\",\"dateModified\":\"2023-06-12T00:48:52+00:00\",\"breadcrumb\":{\"@id\":\"https:\/\/www.andyemler.eu\/en\/concert-de-sortie-de-lalbum-no-rush-dans-jazz-magazine\/#breadcrumb\"},\"inLanguage\":\"en-US\",\"potentialAction\":[{\"@type\":\"ReadAction\",\"target\":[\"https:\/\/www.andyemler.eu\/en\/concert-de-sortie-de-lalbum-no-rush-dans-jazz-magazine\/\"]}]},{\"@type\":\"ImageObject\",\"inLanguage\":\"en-US\",\"@id\":\"https:\/\/www.andyemler.eu\/en\/concert-de-sortie-de-lalbum-no-rush-dans-jazz-magazine\/#primaryimage\",\"url\":\"https:\/\/i0.wp.com\/www.andyemler.eu\/wp-content\/uploads\/2023\/06\/jazzmagazinenorushconcert.jpg?fit=2560%2C1440&ssl=1\",\"contentUrl\":\"https:\/\/i0.wp.com\/www.andyemler.eu\/wp-content\/uploads\/2023\/06\/jazzmagazinenorushconcert.jpg?fit=2560%2C1440&ssl=1\",\"width\":2560,\"height\":1440},{\"@type\":\"BreadcrumbList\",\"@id\":\"https:\/\/www.andyemler.eu\/en\/concert-de-sortie-de-lalbum-no-rush-dans-jazz-magazine\/#breadcrumb\",\"itemListElement\":[{\"@type\":\"ListItem\",\"position\":1,\"name\":\"Accueil\",\"item\":\"https:\/\/www.andyemler.eu\/\"},{\"@type\":\"ListItem\",\"position\":2,\"name\":\"Concert de sortie de l&#8217;album No Rush dans Jazz Magazine\"}]},{\"@type\":\"WebSite\",\"@id\":\"https:\/\/www.andyemler.eu\/#website\",\"url\":\"https:\/\/www.andyemler.eu\/\",\"name\":\"Andy Emler\",\"description\":\"Official Website\",\"publisher\":{\"@id\":\"https:\/\/www.andyemler.eu\/#organization\"},\"potentialAction\":[{\"@type\":\"SearchAction\",\"target\":{\"@type\":\"EntryPoint\",\"urlTemplate\":\"https:\/\/www.andyemler.eu\/?s={search_term_string}\"},\"query-input\":{\"@type\":\"PropertyValueSpecification\",\"valueRequired\":true,\"valueName\":\"search_term_string\"}}],\"inLanguage\":\"en-US\"},{\"@type\":\"Organization\",\"@id\":\"https:\/\/www.andyemler.eu\/#organization\",\"name\":\"Andy Emler\",\"url\":\"https:\/\/www.andyemler.eu\/\",\"logo\":{\"@type\":\"ImageObject\",\"inLanguage\":\"en-US\",\"@id\":\"https:\/\/www.andyemler.eu\/#\/schema\/logo\/image\/\",\"url\":\"https:\/\/i0.wp.com\/www.andyemler.eu\/wp-content\/uploads\/2024\/01\/LOGO-BLANC.png?fit=3339%2C1721&ssl=1\",\"contentUrl\":\"https:\/\/i0.wp.com\/www.andyemler.eu\/wp-content\/uploads\/2024\/01\/LOGO-BLANC.png?fit=3339%2C1721&ssl=1\",\"width\":3339,\"height\":1721,\"caption\":\"Andy Emler\"},\"image\":{\"@id\":\"https:\/\/www.andyemler.eu\/#\/schema\/logo\/image\/\"},\"sameAs\":[\"https:\/\/www.facebook.com\/andyemlerofficiel\"]},{\"@type\":\"Person\",\"@id\":\"https:\/\/www.andyemler.eu\/#\/schema\/person\/b1fcb0def48cf8729296a5a3a4c4c209\",\"name\":\"Monart Agency\",\"image\":{\"@type\":\"ImageObject\",\"inLanguage\":\"en-US\",\"@id\":\"https:\/\/www.andyemler.eu\/#\/schema\/person\/image\/\",\"url\":\"https:\/\/secure.gravatar.com\/avatar\/0c29e2729786975f8f341a4119f7d02633930d7381fd379674b52e3b56d6aff8?s=96&d=blank&r=x\",\"contentUrl\":\"https:\/\/secure.gravatar.com\/avatar\/0c29e2729786975f8f341a4119f7d02633930d7381fd379674b52e3b56d6aff8?s=96&d=blank&r=x\",\"caption\":\"Monart Agency\"},\"sameAs\":[\"https:\/\/www.monartagency.com\"],\"url\":\"https:\/\/www.andyemler.eu\/en\/author\/maketing-123\/\"}]}<\/script>\n<!-- \/ Yoast SEO plugin. -->","yoast_head_json":{"title":"Concert de sortie de l'album No Rush dans Jazz Magazine - Andy Emler","robots":{"index":"noindex","follow":"follow"},"og_locale":"en_US","og_type":"article","og_title":"Concert de sortie de l'album No Rush dans Jazz Magazine - Andy Emler","og_description":"Hier 12 mai, au Pan Piper, le MegaOctet d\u2019Andy Emler \u00e9tait l\u2019invit\u00e9 de l\u2019ensemble Ghost Rhythms. Retrouvaille et d\u00e9couverte. \u00ab H\u00e9 ! Tu te souviens ? \u00bb C\u2019est Guillaume Orti [&hellip;]","og_url":"https:\/\/www.andyemler.eu\/en\/concert-de-sortie-de-lalbum-no-rush-dans-jazz-magazine\/","og_site_name":"Andy Emler","article_publisher":"https:\/\/www.facebook.com\/andyemlerofficiel","article_published_time":"2023-06-12T00:48:50+00:00","article_modified_time":"2023-06-12T00:48:52+00:00","author":"Monart Agency","twitter_card":"summary_large_image","twitter_misc":{"Written by":"Monart Agency","Est. reading time":"6 minutes"},"schema":{"@context":"https:\/\/schema.org","@graph":[{"@type":"Article","@id":"https:\/\/www.andyemler.eu\/en\/concert-de-sortie-de-lalbum-no-rush-dans-jazz-magazine\/#article","isPartOf":{"@id":"https:\/\/www.andyemler.eu\/en\/concert-de-sortie-de-lalbum-no-rush-dans-jazz-magazine\/"},"author":{"name":"Monart Agency","@id":"https:\/\/www.andyemler.eu\/#\/schema\/person\/b1fcb0def48cf8729296a5a3a4c4c209"},"headline":"Concert de sortie de l&#8217;album No Rush dans Jazz Magazine","datePublished":"2023-06-12T00:48:50+00:00","dateModified":"2023-06-12T00:48:52+00:00","mainEntityOfPage":{"@id":"https:\/\/www.andyemler.eu\/en\/concert-de-sortie-de-lalbum-no-rush-dans-jazz-magazine\/"},"wordCount":1197,"publisher":{"@id":"https:\/\/www.andyemler.eu\/#organization"},"image":{"@id":"https:\/\/www.andyemler.eu\/en\/concert-de-sortie-de-lalbum-no-rush-dans-jazz-magazine\/#primaryimage"},"thumbnailUrl":"https:\/\/i0.wp.com\/www.andyemler.eu\/wp-content\/uploads\/2023\/06\/jazzmagazinenorushconcert.jpg?fit=2560%2C1440&ssl=1","articleSection":["Andy Emler MegaOctet","Latest News","MegaOctet","news","No Rush","press","Presse","presse"],"inLanguage":"en-US"},{"@type":"WebPage","@id":"https:\/\/www.andyemler.eu\/en\/concert-de-sortie-de-lalbum-no-rush-dans-jazz-magazine\/","url":"https:\/\/www.andyemler.eu\/en\/concert-de-sortie-de-lalbum-no-rush-dans-jazz-magazine\/","name":"Concert de sortie de l'album No Rush dans Jazz Magazine - Andy Emler","isPartOf":{"@id":"https:\/\/www.andyemler.eu\/#website"},"primaryImageOfPage":{"@id":"https:\/\/www.andyemler.eu\/en\/concert-de-sortie-de-lalbum-no-rush-dans-jazz-magazine\/#primaryimage"},"image":{"@id":"https:\/\/www.andyemler.eu\/en\/concert-de-sortie-de-lalbum-no-rush-dans-jazz-magazine\/#primaryimage"},"thumbnailUrl":"https:\/\/i0.wp.com\/www.andyemler.eu\/wp-content\/uploads\/2023\/06\/jazzmagazinenorushconcert.jpg?fit=2560%2C1440&ssl=1","datePublished":"2023-06-12T00:48:50+00:00","dateModified":"2023-06-12T00:48:52+00:00","breadcrumb":{"@id":"https:\/\/www.andyemler.eu\/en\/concert-de-sortie-de-lalbum-no-rush-dans-jazz-magazine\/#breadcrumb"},"inLanguage":"en-US","potentialAction":[{"@type":"ReadAction","target":["https:\/\/www.andyemler.eu\/en\/concert-de-sortie-de-lalbum-no-rush-dans-jazz-magazine\/"]}]},{"@type":"ImageObject","inLanguage":"en-US","@id":"https:\/\/www.andyemler.eu\/en\/concert-de-sortie-de-lalbum-no-rush-dans-jazz-magazine\/#primaryimage","url":"https:\/\/i0.wp.com\/www.andyemler.eu\/wp-content\/uploads\/2023\/06\/jazzmagazinenorushconcert.jpg?fit=2560%2C1440&ssl=1","contentUrl":"https:\/\/i0.wp.com\/www.andyemler.eu\/wp-content\/uploads\/2023\/06\/jazzmagazinenorushconcert.jpg?fit=2560%2C1440&ssl=1","width":2560,"height":1440},{"@type":"BreadcrumbList","@id":"https:\/\/www.andyemler.eu\/en\/concert-de-sortie-de-lalbum-no-rush-dans-jazz-magazine\/#breadcrumb","itemListElement":[{"@type":"ListItem","position":1,"name":"Accueil","item":"https:\/\/www.andyemler.eu\/"},{"@type":"ListItem","position":2,"name":"Concert de sortie de l&#8217;album No Rush dans Jazz Magazine"}]},{"@type":"WebSite","@id":"https:\/\/www.andyemler.eu\/#website","url":"https:\/\/www.andyemler.eu\/","name":"Andy Emler","description":"Official Website","publisher":{"@id":"https:\/\/www.andyemler.eu\/#organization"},"potentialAction":[{"@type":"SearchAction","target":{"@type":"EntryPoint","urlTemplate":"https:\/\/www.andyemler.eu\/?s={search_term_string}"},"query-input":{"@type":"PropertyValueSpecification","valueRequired":true,"valueName":"search_term_string"}}],"inLanguage":"en-US"},{"@type":"Organization","@id":"https:\/\/www.andyemler.eu\/#organization","name":"Andy Emler","url":"https:\/\/www.andyemler.eu\/","logo":{"@type":"ImageObject","inLanguage":"en-US","@id":"https:\/\/www.andyemler.eu\/#\/schema\/logo\/image\/","url":"https:\/\/i0.wp.com\/www.andyemler.eu\/wp-content\/uploads\/2024\/01\/LOGO-BLANC.png?fit=3339%2C1721&ssl=1","contentUrl":"https:\/\/i0.wp.com\/www.andyemler.eu\/wp-content\/uploads\/2024\/01\/LOGO-BLANC.png?fit=3339%2C1721&ssl=1","width":3339,"height":1721,"caption":"Andy Emler"},"image":{"@id":"https:\/\/www.andyemler.eu\/#\/schema\/logo\/image\/"},"sameAs":["https:\/\/www.facebook.com\/andyemlerofficiel"]},{"@type":"Person","@id":"https:\/\/www.andyemler.eu\/#\/schema\/person\/b1fcb0def48cf8729296a5a3a4c4c209","name":"Monart Agency","image":{"@type":"ImageObject","inLanguage":"en-US","@id":"https:\/\/www.andyemler.eu\/#\/schema\/person\/image\/","url":"https:\/\/secure.gravatar.com\/avatar\/0c29e2729786975f8f341a4119f7d02633930d7381fd379674b52e3b56d6aff8?s=96&d=blank&r=x","contentUrl":"https:\/\/secure.gravatar.com\/avatar\/0c29e2729786975f8f341a4119f7d02633930d7381fd379674b52e3b56d6aff8?s=96&d=blank&r=x","caption":"Monart Agency"},"sameAs":["https:\/\/www.monartagency.com"],"url":"https:\/\/www.andyemler.eu\/en\/author\/maketing-123\/"}]}},"jetpack_featured_media_url":"https:\/\/i0.wp.com\/www.andyemler.eu\/wp-content\/uploads\/2023\/06\/jazzmagazinenorushconcert.jpg?fit=2560%2C1440&ssl=1","jetpack_sharing_enabled":true,"_links":{"self":[{"href":"https:\/\/www.andyemler.eu\/en\/wp-json\/wp\/v2\/posts\/19364808","targetHints":{"allow":["GET"]}}],"collection":[{"href":"https:\/\/www.andyemler.eu\/en\/wp-json\/wp\/v2\/posts"}],"about":[{"href":"https:\/\/www.andyemler.eu\/en\/wp-json\/wp\/v2\/types\/post"}],"author":[{"embeddable":true,"href":"https:\/\/www.andyemler.eu\/en\/wp-json\/wp\/v2\/users\/3"}],"replies":[{"embeddable":true,"href":"https:\/\/www.andyemler.eu\/en\/wp-json\/wp\/v2\/comments?post=19364808"}],"version-history":[{"count":0,"href":"https:\/\/www.andyemler.eu\/en\/wp-json\/wp\/v2\/posts\/19364808\/revisions"}],"wp:featuredmedia":[{"embeddable":true,"href":"https:\/\/www.andyemler.eu\/en\/wp-json\/wp\/v2\/media\/19364814"}],"wp:attachment":[{"href":"https:\/\/www.andyemler.eu\/en\/wp-json\/wp\/v2\/media?parent=19364808"}],"wp:term":[{"taxonomy":"category","embeddable":true,"href":"https:\/\/www.andyemler.eu\/en\/wp-json\/wp\/v2\/categories?post=19364808"},{"taxonomy":"post_tag","embeddable":true,"href":"https:\/\/www.andyemler.eu\/en\/wp-json\/wp\/v2\/tags?post=19364808"}],"curies":[{"name":"wp","href":"https:\/\/api.w.org\/{rel}","templated":true}]}}