{"id":19364735,"date":"2023-05-23T08:25:32","date_gmt":"2023-05-23T08:25:32","guid":{"rendered":"https:\/\/www.andyemler.eu\/column-by-xavier-prevost-on-the-latest-jazz-news\/"},"modified":"2023-05-23T08:25:33","modified_gmt":"2023-05-23T08:25:33","slug":"column-by-xavier-prevost-on-the-latest-jazz-news","status":"publish","type":"post","link":"https:\/\/www.andyemler.eu\/en\/column-by-xavier-prevost-on-the-latest-jazz-news\/","title":{"rendered":"Column by Xavier Pr\u00e9vost on the latest jazz news"},"content":{"rendered":"\n<p><strong>IN FRENCH ONLY La veille de l\u2019enregistrement, en ao\u00fbt 2021, les spectateurs du festival Jazz Campus en Clunisois avaient eu la primeur de quelques extraits de ce nouveau programme. Et il avait <\/strong><strong>d\u00e9j\u00e0 <\/strong><strong>\u00e9t\u00e9 donn\u00e9 en d\u00e9cembre 2020, pendant le deuxi\u00e8me confinement, pour un concert sans public au Triton, capt\u00e9 en vid\u00e9o et accessible sur le site en janvier 2021 (<a href=\"https:\/\/vod.letriton.com\/les-concerts-en-replay\/19122020-20h30.html\">https:\/\/vod.letriton.com\/les-concerts-en-replay\/19122020-20h30.html<\/a>).<\/strong><strong>Puis<\/strong><strong> repris en juillet 2022 au Festival Radio France Occitanie Montpellier.<\/strong><\/p>\n\n<p><strong>J\u2019avais \u00e9cout\u00e9 cette musique au Triton puis \u00e0 Montpellier, mais l\u2019\u00e9coute du CD fut pour moi comme un bonheur tout neuf.<\/strong><\/p>\n\n<p><strong>L\u2019\u00e9criture hardie, exub\u00e9rante, est toujours l\u00e0, au service des membres du groupe, choisis autant pour leur singularit\u00e9 que pour leur sens du jeu collectif. Et la pr\u00e9sence de <\/strong><strong>Nguy\u00ean L\u00ea, en invit\u00e9 sur les deux derni\u00e8res plages, est plus qu\u2019un clin <\/strong><strong>d\u2019\u0153il aux origines d<\/strong><strong>e l\u2019orchestre<\/strong><strong> : le guitariste, tout comme Fran\u00e7ois Verly et Philippe Sellam, \u00e9tait dans le groupe avant m\u00eame qu\u2019il ne s\u2019appelle MegaOctet.<\/strong><\/p>\n\n<p><strong>Mais l\u2019\u00e9criture n\u2019est pas qu\u2019exub\u00e9rante : elle traque la profondeur, l\u2019\u00e9motion et la complexit\u00e9, tout en demeurant toujours au plus pr\u00e8s de la sensation <\/strong><strong>imm\u00e9diate. C\u2019est comme un tour de force, et sans doute un manifeste de ce que l\u2019art (le Grand Art) doit \u00eatre. La diversit\u00e9 des modes de jeu des solistes se fond dans un acte totalement partag\u00e9. Et la composition int\u00e8gre tous les langages (et <\/strong><strong>i<\/strong><strong>ls sont nombreux!) o\u00f9 Andy Emler se pla\u00eet \u00e0 gambader. Mais ce qui tend \u00e0 pr\u00e9valoir, c\u2019est la volont\u00e9 du <\/strong><strong><em>leader<\/em><\/strong><strong> de magnifier le groupe, et ses membres, par son \u00e9criture comme par sa direction d\u2019orchestre. Exemplaire en somme, et profond\u00e9ment jouissif !<\/strong><\/p>\n\n<p><strong>Xavier Pr\u00e9vost<\/strong><\/p>\n","protected":false},"excerpt":{"rendered":"<p>IN FRENCH ONLY La veille de l\u2019enregistrement, en ao\u00fbt 2021, les spectateurs du festival Jazz Campus en Clunisois avaient eu la primeur de quelques extraits de ce nouveau programme. Et [&hellip;]<\/p>\n","protected":false},"author":3,"featured_media":19364551,"comment_status":"closed","ping_status":"closed","sticky":false,"template":"","format":"standard","meta":{"jetpack_post_was_ever_published":false,"_jetpack_newsletter_access":"","_jetpack_dont_email_post_to_subs":false,"_jetpack_newsletter_tier_id":0,"_jetpack_memberships_contains_paywalled_content":false,"_jetpack_memberships_contains_paid_content":false,"footnotes":""},"categories":[161,159,199,203,198,205,160,204],"tags":[],"class_list":["post-19364735","post","type-post","status-publish","format-standard","has-post-thumbnail","hentry","category-andy-emler-megaoctet-en","category-latest-news-en","category-megaoctet-en","category-news-en","category-no-rush-en","category-press-en","category-presse-en","category-presse-en-2"],"yoast_head":"<!-- This site is optimized with the Yoast SEO plugin v27.1.1 - https:\/\/yoast.com\/product\/yoast-seo-wordpress\/ -->\n<title>Column by Xavier Pr\u00e9vost on the latest jazz news - Andy Emler<\/title>\n<meta name=\"robots\" content=\"noindex, follow\" \/>\n<meta property=\"og:locale\" content=\"en_US\" \/>\n<meta property=\"og:type\" content=\"article\" \/>\n<meta property=\"og:title\" content=\"Column by Xavier Pr\u00e9vost on the latest jazz news - Andy Emler\" \/>\n<meta property=\"og:description\" content=\"IN FRENCH ONLY La veille de l\u2019enregistrement, en ao\u00fbt 2021, les spectateurs du festival Jazz Campus en Clunisois avaient eu la primeur de quelques extraits de ce nouveau programme. Et [&hellip;]\" \/>\n<meta property=\"og:url\" content=\"https:\/\/www.andyemler.eu\/en\/column-by-xavier-prevost-on-the-latest-jazz-news\/\" \/>\n<meta property=\"og:site_name\" content=\"Andy Emler\" \/>\n<meta property=\"article:publisher\" content=\"https:\/\/www.facebook.com\/andyemlerofficiel\" \/>\n<meta property=\"article:published_time\" content=\"2023-05-23T08:25:32+00:00\" \/>\n<meta property=\"article:modified_time\" content=\"2023-05-23T08:25:33+00:00\" \/>\n<meta name=\"author\" content=\"Monart Agency\" \/>\n<meta name=\"twitter:card\" content=\"summary_large_image\" \/>\n<meta name=\"twitter:image\" content=\"https:\/\/i0.wp.com\/www.andyemler.eu\/wp-content\/uploads\/2023\/03\/norush_xavierprevost_andyemler_chronique.jpg?fit=%2C&ssl=1\" \/>\n<meta name=\"twitter:label1\" content=\"Written by\" \/>\n\t<meta name=\"twitter:data1\" content=\"Monart Agency\" \/>\n\t<meta name=\"twitter:label2\" content=\"Est. reading time\" \/>\n\t<meta name=\"twitter:data2\" content=\"2 minutes\" \/>\n<script type=\"application\/ld+json\" class=\"yoast-schema-graph\">{\"@context\":\"https:\/\/schema.org\",\"@graph\":[{\"@type\":\"Article\",\"@id\":\"https:\/\/www.andyemler.eu\/en\/column-by-xavier-prevost-on-the-latest-jazz-news\/#article\",\"isPartOf\":{\"@id\":\"https:\/\/www.andyemler.eu\/en\/column-by-xavier-prevost-on-the-latest-jazz-news\/\"},\"author\":{\"name\":\"Monart Agency\",\"@id\":\"https:\/\/www.andyemler.eu\/#\/schema\/person\/b1fcb0def48cf8729296a5a3a4c4c209\"},\"headline\":\"Column by Xavier Pr\u00e9vost on the latest jazz news\",\"datePublished\":\"2023-05-23T08:25:32+00:00\",\"dateModified\":\"2023-05-23T08:25:33+00:00\",\"mainEntityOfPage\":{\"@id\":\"https:\/\/www.andyemler.eu\/en\/column-by-xavier-prevost-on-the-latest-jazz-news\/\"},\"wordCount\":317,\"publisher\":{\"@id\":\"https:\/\/www.andyemler.eu\/#organization\"},\"image\":{\"@id\":\"https:\/\/www.andyemler.eu\/en\/column-by-xavier-prevost-on-the-latest-jazz-news\/#primaryimage\"},\"thumbnailUrl\":\"https:\/\/i0.wp.com\/www.andyemler.eu\/wp-content\/uploads\/2023\/03\/norush_xavierprevost_andyemler_chronique.jpg?fit=%2C&ssl=1\",\"articleSection\":[\"Andy Emler MegaOctet\",\"Latest News\",\"MegaOctet\",\"news\",\"No Rush\",\"press\",\"Presse\",\"presse\"],\"inLanguage\":\"en-US\"},{\"@type\":\"WebPage\",\"@id\":\"https:\/\/www.andyemler.eu\/en\/column-by-xavier-prevost-on-the-latest-jazz-news\/\",\"url\":\"https:\/\/www.andyemler.eu\/en\/column-by-xavier-prevost-on-the-latest-jazz-news\/\",\"name\":\"Column by Xavier Pr\u00e9vost on the latest jazz news - Andy Emler\",\"isPartOf\":{\"@id\":\"https:\/\/www.andyemler.eu\/#website\"},\"primaryImageOfPage\":{\"@id\":\"https:\/\/www.andyemler.eu\/en\/column-by-xavier-prevost-on-the-latest-jazz-news\/#primaryimage\"},\"image\":{\"@id\":\"https:\/\/www.andyemler.eu\/en\/column-by-xavier-prevost-on-the-latest-jazz-news\/#primaryimage\"},\"thumbnailUrl\":\"https:\/\/i0.wp.com\/www.andyemler.eu\/wp-content\/uploads\/2023\/03\/norush_xavierprevost_andyemler_chronique.jpg?fit=%2C&ssl=1\",\"datePublished\":\"2023-05-23T08:25:32+00:00\",\"dateModified\":\"2023-05-23T08:25:33+00:00\",\"breadcrumb\":{\"@id\":\"https:\/\/www.andyemler.eu\/en\/column-by-xavier-prevost-on-the-latest-jazz-news\/#breadcrumb\"},\"inLanguage\":\"en-US\",\"potentialAction\":[{\"@type\":\"ReadAction\",\"target\":[\"https:\/\/www.andyemler.eu\/en\/column-by-xavier-prevost-on-the-latest-jazz-news\/\"]}]},{\"@type\":\"ImageObject\",\"inLanguage\":\"en-US\",\"@id\":\"https:\/\/www.andyemler.eu\/en\/column-by-xavier-prevost-on-the-latest-jazz-news\/#primaryimage\",\"url\":\"https:\/\/i0.wp.com\/www.andyemler.eu\/wp-content\/uploads\/2023\/03\/norush_xavierprevost_andyemler_chronique.jpg?fit=%2C&ssl=1\",\"contentUrl\":\"https:\/\/i0.wp.com\/www.andyemler.eu\/wp-content\/uploads\/2023\/03\/norush_xavierprevost_andyemler_chronique.jpg?fit=%2C&ssl=1\"},{\"@type\":\"BreadcrumbList\",\"@id\":\"https:\/\/www.andyemler.eu\/en\/column-by-xavier-prevost-on-the-latest-jazz-news\/#breadcrumb\",\"itemListElement\":[{\"@type\":\"ListItem\",\"position\":1,\"name\":\"Accueil\",\"item\":\"https:\/\/www.andyemler.eu\/\"},{\"@type\":\"ListItem\",\"position\":2,\"name\":\"Column by Xavier Pr\u00e9vost on the latest jazz news\"}]},{\"@type\":\"WebSite\",\"@id\":\"https:\/\/www.andyemler.eu\/#website\",\"url\":\"https:\/\/www.andyemler.eu\/\",\"name\":\"Andy Emler\",\"description\":\"Official Website\",\"publisher\":{\"@id\":\"https:\/\/www.andyemler.eu\/#organization\"},\"potentialAction\":[{\"@type\":\"SearchAction\",\"target\":{\"@type\":\"EntryPoint\",\"urlTemplate\":\"https:\/\/www.andyemler.eu\/?s={search_term_string}\"},\"query-input\":{\"@type\":\"PropertyValueSpecification\",\"valueRequired\":true,\"valueName\":\"search_term_string\"}}],\"inLanguage\":\"en-US\"},{\"@type\":\"Organization\",\"@id\":\"https:\/\/www.andyemler.eu\/#organization\",\"name\":\"Andy Emler\",\"url\":\"https:\/\/www.andyemler.eu\/\",\"logo\":{\"@type\":\"ImageObject\",\"inLanguage\":\"en-US\",\"@id\":\"https:\/\/www.andyemler.eu\/#\/schema\/logo\/image\/\",\"url\":\"https:\/\/i0.wp.com\/www.andyemler.eu\/wp-content\/uploads\/2024\/01\/LOGO-BLANC.png?fit=3339%2C1721&ssl=1\",\"contentUrl\":\"https:\/\/i0.wp.com\/www.andyemler.eu\/wp-content\/uploads\/2024\/01\/LOGO-BLANC.png?fit=3339%2C1721&ssl=1\",\"width\":3339,\"height\":1721,\"caption\":\"Andy Emler\"},\"image\":{\"@id\":\"https:\/\/www.andyemler.eu\/#\/schema\/logo\/image\/\"},\"sameAs\":[\"https:\/\/www.facebook.com\/andyemlerofficiel\"]},{\"@type\":\"Person\",\"@id\":\"https:\/\/www.andyemler.eu\/#\/schema\/person\/b1fcb0def48cf8729296a5a3a4c4c209\",\"name\":\"Monart Agency\",\"image\":{\"@type\":\"ImageObject\",\"inLanguage\":\"en-US\",\"@id\":\"https:\/\/www.andyemler.eu\/#\/schema\/person\/image\/\",\"url\":\"https:\/\/secure.gravatar.com\/avatar\/0c29e2729786975f8f341a4119f7d02633930d7381fd379674b52e3b56d6aff8?s=96&d=blank&r=x\",\"contentUrl\":\"https:\/\/secure.gravatar.com\/avatar\/0c29e2729786975f8f341a4119f7d02633930d7381fd379674b52e3b56d6aff8?s=96&d=blank&r=x\",\"caption\":\"Monart Agency\"},\"sameAs\":[\"https:\/\/www.monartagency.com\"],\"url\":\"https:\/\/www.andyemler.eu\/en\/author\/maketing-123\/\"}]}<\/script>\n<!-- \/ Yoast SEO plugin. -->","yoast_head_json":{"title":"Column by Xavier Pr\u00e9vost on the latest jazz news - Andy Emler","robots":{"index":"noindex","follow":"follow"},"og_locale":"en_US","og_type":"article","og_title":"Column by Xavier Pr\u00e9vost on the latest jazz news - Andy Emler","og_description":"IN FRENCH ONLY La veille de l\u2019enregistrement, en ao\u00fbt 2021, les spectateurs du festival Jazz Campus en Clunisois avaient eu la primeur de quelques extraits de ce nouveau programme. Et [&hellip;]","og_url":"https:\/\/www.andyemler.eu\/en\/column-by-xavier-prevost-on-the-latest-jazz-news\/","og_site_name":"Andy Emler","article_publisher":"https:\/\/www.facebook.com\/andyemlerofficiel","article_published_time":"2023-05-23T08:25:32+00:00","article_modified_time":"2023-05-23T08:25:33+00:00","author":"Monart Agency","twitter_card":"summary_large_image","twitter_image":"https:\/\/i0.wp.com\/www.andyemler.eu\/wp-content\/uploads\/2023\/03\/norush_xavierprevost_andyemler_chronique.jpg?fit=%2C&ssl=1","twitter_misc":{"Written by":"Monart Agency","Est. reading time":"2 minutes"},"schema":{"@context":"https:\/\/schema.org","@graph":[{"@type":"Article","@id":"https:\/\/www.andyemler.eu\/en\/column-by-xavier-prevost-on-the-latest-jazz-news\/#article","isPartOf":{"@id":"https:\/\/www.andyemler.eu\/en\/column-by-xavier-prevost-on-the-latest-jazz-news\/"},"author":{"name":"Monart Agency","@id":"https:\/\/www.andyemler.eu\/#\/schema\/person\/b1fcb0def48cf8729296a5a3a4c4c209"},"headline":"Column by Xavier Pr\u00e9vost on the latest jazz news","datePublished":"2023-05-23T08:25:32+00:00","dateModified":"2023-05-23T08:25:33+00:00","mainEntityOfPage":{"@id":"https:\/\/www.andyemler.eu\/en\/column-by-xavier-prevost-on-the-latest-jazz-news\/"},"wordCount":317,"publisher":{"@id":"https:\/\/www.andyemler.eu\/#organization"},"image":{"@id":"https:\/\/www.andyemler.eu\/en\/column-by-xavier-prevost-on-the-latest-jazz-news\/#primaryimage"},"thumbnailUrl":"https:\/\/i0.wp.com\/www.andyemler.eu\/wp-content\/uploads\/2023\/03\/norush_xavierprevost_andyemler_chronique.jpg?fit=%2C&ssl=1","articleSection":["Andy Emler MegaOctet","Latest News","MegaOctet","news","No Rush","press","Presse","presse"],"inLanguage":"en-US"},{"@type":"WebPage","@id":"https:\/\/www.andyemler.eu\/en\/column-by-xavier-prevost-on-the-latest-jazz-news\/","url":"https:\/\/www.andyemler.eu\/en\/column-by-xavier-prevost-on-the-latest-jazz-news\/","name":"Column by Xavier Pr\u00e9vost on the latest jazz news - Andy Emler","isPartOf":{"@id":"https:\/\/www.andyemler.eu\/#website"},"primaryImageOfPage":{"@id":"https:\/\/www.andyemler.eu\/en\/column-by-xavier-prevost-on-the-latest-jazz-news\/#primaryimage"},"image":{"@id":"https:\/\/www.andyemler.eu\/en\/column-by-xavier-prevost-on-the-latest-jazz-news\/#primaryimage"},"thumbnailUrl":"https:\/\/i0.wp.com\/www.andyemler.eu\/wp-content\/uploads\/2023\/03\/norush_xavierprevost_andyemler_chronique.jpg?fit=%2C&ssl=1","datePublished":"2023-05-23T08:25:32+00:00","dateModified":"2023-05-23T08:25:33+00:00","breadcrumb":{"@id":"https:\/\/www.andyemler.eu\/en\/column-by-xavier-prevost-on-the-latest-jazz-news\/#breadcrumb"},"inLanguage":"en-US","potentialAction":[{"@type":"ReadAction","target":["https:\/\/www.andyemler.eu\/en\/column-by-xavier-prevost-on-the-latest-jazz-news\/"]}]},{"@type":"ImageObject","inLanguage":"en-US","@id":"https:\/\/www.andyemler.eu\/en\/column-by-xavier-prevost-on-the-latest-jazz-news\/#primaryimage","url":"https:\/\/i0.wp.com\/www.andyemler.eu\/wp-content\/uploads\/2023\/03\/norush_xavierprevost_andyemler_chronique.jpg?fit=%2C&ssl=1","contentUrl":"https:\/\/i0.wp.com\/www.andyemler.eu\/wp-content\/uploads\/2023\/03\/norush_xavierprevost_andyemler_chronique.jpg?fit=%2C&ssl=1"},{"@type":"BreadcrumbList","@id":"https:\/\/www.andyemler.eu\/en\/column-by-xavier-prevost-on-the-latest-jazz-news\/#breadcrumb","itemListElement":[{"@type":"ListItem","position":1,"name":"Accueil","item":"https:\/\/www.andyemler.eu\/"},{"@type":"ListItem","position":2,"name":"Column by Xavier Pr\u00e9vost on the latest jazz news"}]},{"@type":"WebSite","@id":"https:\/\/www.andyemler.eu\/#website","url":"https:\/\/www.andyemler.eu\/","name":"Andy Emler","description":"Official Website","publisher":{"@id":"https:\/\/www.andyemler.eu\/#organization"},"potentialAction":[{"@type":"SearchAction","target":{"@type":"EntryPoint","urlTemplate":"https:\/\/www.andyemler.eu\/?s={search_term_string}"},"query-input":{"@type":"PropertyValueSpecification","valueRequired":true,"valueName":"search_term_string"}}],"inLanguage":"en-US"},{"@type":"Organization","@id":"https:\/\/www.andyemler.eu\/#organization","name":"Andy Emler","url":"https:\/\/www.andyemler.eu\/","logo":{"@type":"ImageObject","inLanguage":"en-US","@id":"https:\/\/www.andyemler.eu\/#\/schema\/logo\/image\/","url":"https:\/\/i0.wp.com\/www.andyemler.eu\/wp-content\/uploads\/2024\/01\/LOGO-BLANC.png?fit=3339%2C1721&ssl=1","contentUrl":"https:\/\/i0.wp.com\/www.andyemler.eu\/wp-content\/uploads\/2024\/01\/LOGO-BLANC.png?fit=3339%2C1721&ssl=1","width":3339,"height":1721,"caption":"Andy Emler"},"image":{"@id":"https:\/\/www.andyemler.eu\/#\/schema\/logo\/image\/"},"sameAs":["https:\/\/www.facebook.com\/andyemlerofficiel"]},{"@type":"Person","@id":"https:\/\/www.andyemler.eu\/#\/schema\/person\/b1fcb0def48cf8729296a5a3a4c4c209","name":"Monart Agency","image":{"@type":"ImageObject","inLanguage":"en-US","@id":"https:\/\/www.andyemler.eu\/#\/schema\/person\/image\/","url":"https:\/\/secure.gravatar.com\/avatar\/0c29e2729786975f8f341a4119f7d02633930d7381fd379674b52e3b56d6aff8?s=96&d=blank&r=x","contentUrl":"https:\/\/secure.gravatar.com\/avatar\/0c29e2729786975f8f341a4119f7d02633930d7381fd379674b52e3b56d6aff8?s=96&d=blank&r=x","caption":"Monart Agency"},"sameAs":["https:\/\/www.monartagency.com"],"url":"https:\/\/www.andyemler.eu\/en\/author\/maketing-123\/"}]}},"jetpack_featured_media_url":"https:\/\/i0.wp.com\/www.andyemler.eu\/wp-content\/uploads\/2023\/03\/norush_xavierprevost_andyemler_chronique.jpg?fit=%2C&ssl=1","jetpack_sharing_enabled":true,"_links":{"self":[{"href":"https:\/\/www.andyemler.eu\/en\/wp-json\/wp\/v2\/posts\/19364735","targetHints":{"allow":["GET"]}}],"collection":[{"href":"https:\/\/www.andyemler.eu\/en\/wp-json\/wp\/v2\/posts"}],"about":[{"href":"https:\/\/www.andyemler.eu\/en\/wp-json\/wp\/v2\/types\/post"}],"author":[{"embeddable":true,"href":"https:\/\/www.andyemler.eu\/en\/wp-json\/wp\/v2\/users\/3"}],"replies":[{"embeddable":true,"href":"https:\/\/www.andyemler.eu\/en\/wp-json\/wp\/v2\/comments?post=19364735"}],"version-history":[{"count":0,"href":"https:\/\/www.andyemler.eu\/en\/wp-json\/wp\/v2\/posts\/19364735\/revisions"}],"wp:featuredmedia":[{"embeddable":true,"href":"https:\/\/www.andyemler.eu\/en\/wp-json\/wp\/v2\/media\/19364551"}],"wp:attachment":[{"href":"https:\/\/www.andyemler.eu\/en\/wp-json\/wp\/v2\/media?parent=19364735"}],"wp:term":[{"taxonomy":"category","embeddable":true,"href":"https:\/\/www.andyemler.eu\/en\/wp-json\/wp\/v2\/categories?post=19364735"},{"taxonomy":"post_tag","embeddable":true,"href":"https:\/\/www.andyemler.eu\/en\/wp-json\/wp\/v2\/tags?post=19364735"}],"curies":[{"name":"wp","href":"https:\/\/api.w.org\/{rel}","templated":true}]}}